{"id":577,"date":"2013-04-30T10:42:56","date_gmt":"2013-04-30T09:42:56","guid":{"rendered":"http:\/\/nikonclassics-michalke.de\/blog\/?p=577"},"modified":"2013-08-08T17:10:26","modified_gmt":"2013-08-08T16:10:26","slug":"retrotrend-spitzt-sich-zu-zustand-c-kommt-wieder-in-mode","status":"publish","type":"post","link":"https:\/\/nikonclassics-michalke.de\/blog\/?p=577","title":{"rendered":"Retrotrend spitzt sich zu: Zustand &#8222;C&#8220; kommt wieder in Mode!"},"content":{"rendered":"<div class=\"fcbkbttn_buttons_block\" id=\"fcbkbttn_left\"><div class=\"fcbkbttn_like \"><fb:like href=\"https:\/\/nikonclassics-michalke.de\/blog\/?p=577\" action=\"like\" colorscheme=\"light\" layout=\"standard\" show-faces='false' width=\"450px\" size=\"small\"><\/fb:like><\/div><div class=\"fb-share-button  \" data-href=\"https:\/\/nikonclassics-michalke.de\/blog\/?p=577\" data-type=\"button_count\" data-size=\"small\"><\/div><\/div><p>Verkehrte Welt: w\u00e4hrend Sammler heutzutage f\u00fcr alte Kameras im Zustand &#8222;A+&#8220; oder &#8222;mint&#8220; viel Geld ausgeben, werden neue Kameras mittlerweile damit beworben, dass sie so sch\u00f6n altern! So gesehen bei der Werbung f\u00fcr die neue Pentax MX-1, die auf der <a href=\"http:\/\/www.pentax.de\/de\/Kompaktkameras\/mx-1.html\" onclick=\"__gaTracker('send', 'event', 'outbound-article', 'http:\/\/www.pentax.de\/de\/Kompaktkameras\/mx-1.html', 'Pentax-Website');\" target=\"_blank\">Pentax-Website<\/a> folgendermassen angepriesen wird:<a href=\"https:\/\/nikonclassics-michalke.de\/blog\/wp-content\/uploads\/2013\/04\/MX-1_2.jpg\"><img loading=\"lazy\" decoding=\"async\" class=\"alignright size-full wp-image-589\" title=\"MX-1_2\" src=\"https:\/\/nikonclassics-michalke.de\/blog\/wp-content\/uploads\/2013\/04\/MX-1_2.jpg\" alt=\"\" width=\"700\" height=\"589\" srcset=\"https:\/\/nikonclassics-michalke.de\/blog\/wp-content\/uploads\/2013\/04\/MX-1_2.jpg 700w, https:\/\/nikonclassics-michalke.de\/blog\/wp-content\/uploads\/2013\/04\/MX-1_2-300x252.jpg 300w\" sizes=\"auto, (max-width: 700px) 100vw, 700px\" \/><\/a><\/p>\n<p>Wahnsinn: ein Kamerahersteller wirbt damit, dass nach einer Weile der Lack abgeht, und nennt das dann &#8222;sch\u00f6ne Patina&#8220;! Ich weiss auch nicht genau, was ein Drehrad mit Einstellungen wie &#8222;AUTO PICT&#8220; oder &#8222;HDR&#8220; mit klassischem Design zu tun hat, Fakt ist aber: endlich wieder eine Kamera, bei der irgendwann das Messing durchkommt. So wie bei alten schwarzen Nikons.<\/p>\n<p>Das erinnert mich irgendwie an die achziger Jahre. Damals war ich grade mit meiner Fotografenausbildung fertiggeworden, und als Nachwuchsfotograf wollte man nat\u00fcrlich zwischen den &#8222;alten Hasen&#8220; nicht gleich als Neuling auffallen. Aber die neue Kamera gl\u00e4nzte noch so &#8222;amateurm\u00e4ssig&#8220;, wie peinlich. Was machten also die jungen Fotografen? Sie bearbeiteten ihre nagelneuen Nikons\u00a0an den Kanten mit Schmirgelpapier! So kam das Messinggeh\u00e4use sch\u00f6n durch &#8211; ein paar kleine Beulen konnten auch nicht schaden &#8211; und schon war man ein taffer Fotoreporter&#8230; Sogar Nikon selbst warb \u00fcbrigens damals mit sehr ramponierten Kameras &#8211; siehe diese Anzeige aus den sp\u00e4ten 80ern:<\/p>\n<p><a href=\"https:\/\/nikonclassics-michalke.de\/blog\/wp-content\/uploads\/2013\/04\/Nikon-F3-90_2.jpg\"><img loading=\"lazy\" decoding=\"async\" class=\"alignleft size-full wp-image-590\" title=\"Nikon-F3-90_2\" src=\"https:\/\/nikonclassics-michalke.de\/blog\/wp-content\/uploads\/2013\/04\/Nikon-F3-90_2.jpg\" alt=\"\" width=\"600\" height=\"896\" srcset=\"https:\/\/nikonclassics-michalke.de\/blog\/wp-content\/uploads\/2013\/04\/Nikon-F3-90_2.jpg 600w, https:\/\/nikonclassics-michalke.de\/blog\/wp-content\/uploads\/2013\/04\/Nikon-F3-90_2-200x300.jpg 200w\" sizes=\"auto, (max-width: 600px) 100vw, 600px\" \/><\/a><\/p>\n<p>&nbsp;<\/p>\n<p>&nbsp;<\/p>\n<p>Was sagt uns das? Klassische Kameras altern nicht, sie werden mit jedem Kratzer interessanter! Dazu passt eigentlich, was die grossartige franz\u00f6sische Schauspielerin Jeanne Moreau gesagt hat:<em> &#8222;Alternde Menschen sind wie Museen: Nicht auf die Fassade kommt es an, sondern auf die Sch\u00e4tze im Innern<\/em>.\u2028&#8220; Trifft das nicht auch auf alte Kameras zu???<\/p>\n<p>In meinem <a href=\"http:\/\/\" onclick=\"__gaTracker('send', 'event', 'outbound-article', 'http:\/\/', 'shop');\" target=\"_blank\">shop<\/a> finden Sie Kameras im Zustand &#8222;C&#8220; nur selten. Ich liefere aber bei besser erhaltenen Nikons auf Wunsch einen Bogen Schmirgelpapier gratis dazu ;-)&#8230;<\/p>\n","protected":false},"excerpt":{"rendered":"<p>Verkehrte Welt: w\u00e4hrend Sammler heutzutage f\u00fcr alte Kameras im Zustand &#8222;A+&#8220; oder &#8222;mint&#8220; viel Geld ausgeben, werden neue Kameras mittlerweile damit beworben, dass sie so sch\u00f6n altern! So gesehen bei der Werbung f\u00fcr die neue Pentax MX-1, die auf der Pentax-Website folgendermassen angepriesen wird: Wahnsinn: ein Kamerahersteller wirbt damit, dass nach einer Weile der Lack [&hellip;]<\/p>\n","protected":false},"author":1,"featured_media":0,"comment_status":"open","ping_status":"open","sticky":false,"template":"","format":"standard","meta":{"footnotes":""},"categories":[43],"tags":[21,22,32,23,4,38,17,19],"class_list":["post-577","post","type-post","status-publish","format-standard","hentry","category-dies-und-das","tag-analog","tag-digital","tag-information","tag-manuell","tag-nikon","tag-patina","tag-pflege","tag-system"],"_links":{"self":[{"href":"https:\/\/nikonclassics-michalke.de\/blog\/index.php?rest_route=\/wp\/v2\/posts\/577","targetHints":{"allow":["GET"]}}],"collection":[{"href":"https:\/\/nikonclassics-michalke.de\/blog\/index.php?rest_route=\/wp\/v2\/posts"}],"about":[{"href":"https:\/\/nikonclassics-michalke.de\/blog\/index.php?rest_route=\/wp\/v2\/types\/post"}],"author":[{"embeddable":true,"href":"https:\/\/nikonclassics-michalke.de\/blog\/index.php?rest_route=\/wp\/v2\/users\/1"}],"replies":[{"embeddable":true,"href":"https:\/\/nikonclassics-michalke.de\/blog\/index.php?rest_route=%2Fwp%2Fv2%2Fcomments&post=577"}],"version-history":[{"count":27,"href":"https:\/\/nikonclassics-michalke.de\/blog\/index.php?rest_route=\/wp\/v2\/posts\/577\/revisions"}],"predecessor-version":[{"id":609,"href":"https:\/\/nikonclassics-michalke.de\/blog\/index.php?rest_route=\/wp\/v2\/posts\/577\/revisions\/609"}],"wp:attachment":[{"href":"https:\/\/nikonclassics-michalke.de\/blog\/index.php?rest_route=%2Fwp%2Fv2%2Fmedia&parent=577"}],"wp:term":[{"taxonomy":"category","embeddable":true,"href":"https:\/\/nikonclassics-michalke.de\/blog\/index.php?rest_route=%2Fwp%2Fv2%2Fcategories&post=577"},{"taxonomy":"post_tag","embeddable":true,"href":"https:\/\/nikonclassics-michalke.de\/blog\/index.php?rest_route=%2Fwp%2Fv2%2Ftags&post=577"}],"curies":[{"name":"wp","href":"https:\/\/api.w.org\/{rel}","templated":true}]}}