{"id":484,"date":"2013-02-22T23:18:22","date_gmt":"2013-02-22T22:18:22","guid":{"rendered":"http:\/\/nikonclassics-michalke.de\/blog\/?p=484"},"modified":"2015-06-09T07:46:18","modified_gmt":"2015-06-09T06:46:18","slug":"digitalruckteil-fur-analoge-nikons","status":"publish","type":"post","link":"https:\/\/nikonclassics-michalke.de\/blog\/?p=484","title":{"rendered":"Digitalr\u00fcckteil f\u00fcr analoge Nikons?"},"content":{"rendered":"<div class=\"fcbkbttn_buttons_block\" id=\"fcbkbttn_left\"><div class=\"fcbkbttn_like \"><fb:like href=\"https:\/\/nikonclassics-michalke.de\/blog\/?p=484\" action=\"like\" colorscheme=\"light\" layout=\"standard\" show-faces='false' width=\"450px\" size=\"small\"><\/fb:like><\/div><div class=\"fb-share-button  \" data-href=\"https:\/\/nikonclassics-michalke.de\/blog\/?p=484\" data-type=\"button_count\" data-size=\"small\"><\/div><\/div><div id=\"attachment_502\" style=\"width: 810px\" class=\"wp-caption aligncenter\"><a href=\"https:\/\/nikonclassics-michalke.de\/blog\/wp-content\/uploads\/2013\/02\/nikon-FE-D.jpg\"><img loading=\"lazy\" decoding=\"async\" aria-describedby=\"caption-attachment-502\" class=\"size-full wp-image-502\" src=\"https:\/\/nikonclassics-michalke.de\/blog\/wp-content\/uploads\/2013\/02\/nikon-FE-D.jpg\" alt=\"So k\u00f6nnte sie aussehen, die Digitalr\u00fcckwand f\u00fcr die FE-2 (Fotomontage!)\" width=\"800\" height=\"682\" srcset=\"https:\/\/nikonclassics-michalke.de\/blog\/wp-content\/uploads\/2013\/02\/nikon-FE-D.jpg 800w, https:\/\/nikonclassics-michalke.de\/blog\/wp-content\/uploads\/2013\/02\/nikon-FE-D-300x255.jpg 300w\" sizes=\"auto, (max-width: 800px) 100vw, 800px\" \/><\/a><p id=\"caption-attachment-502\" class=\"wp-caption-text\">So k\u00f6nnte sie aussehen, die Digitalr\u00fcckwand f\u00fcr die FE-2 (Fotomontage!)<\/p><\/div>\n<p>Seit einigen Wochen kursieren im Internet heftige <a href=\"http:\/\/nikonrumors.com\/2012\/12\/17\/nikon-patents-a-digital-back-for-35mm-film-slr-cameras.aspx\/\" onclick=\"__gaTracker('send', 'event', 'outbound-article', 'http:\/\/nikonrumors.com\/2012\/12\/17\/nikon-patents-a-digital-back-for-35mm-film-slr-cameras.aspx\/', 'Ger\u00fcchte');\" target=\"_blank\">Ger\u00fcchte<\/a>, Nikon arbeite an einem Digitalr\u00fcckteil f\u00fcr die analogen Kameras wie F3 und FM2. Konstruktionszeichnungen tauchen auf. Was steckt dahinter?<\/p>\n<p style=\"text-align: left;\"><a href=\"https:\/\/nikonclassics-michalke.de\/blog\/wp-content\/uploads\/2013\/02\/8.gif\"><img loading=\"lazy\" decoding=\"async\" class=\"alignright size-medium wp-image-489\" title=\"8\" src=\"https:\/\/nikonclassics-michalke.de\/blog\/wp-content\/uploads\/2013\/02\/8-217x300.gif\" alt=\"\" width=\"217\" height=\"300\" srcset=\"https:\/\/nikonclassics-michalke.de\/blog\/wp-content\/uploads\/2013\/02\/8-217x300.gif 217w, https:\/\/nikonclassics-michalke.de\/blog\/wp-content\/uploads\/2013\/02\/8.gif 560w\" sizes=\"auto, (max-width: 217px) 100vw, 217px\" \/><\/a><a href=\"https:\/\/nikonclassics-michalke.de\/blog\/wp-content\/uploads\/2013\/02\/5.gif\"><img loading=\"lazy\" decoding=\"async\" class=\"alignnone size-medium wp-image-487\" title=\"5\" src=\"https:\/\/nikonclassics-michalke.de\/blog\/wp-content\/uploads\/2013\/02\/5-300x212.gif\" alt=\"\" width=\"300\" height=\"212\" srcset=\"https:\/\/nikonclassics-michalke.de\/blog\/wp-content\/uploads\/2013\/02\/5-300x212.gif 300w, https:\/\/nikonclassics-michalke.de\/blog\/wp-content\/uploads\/2013\/02\/5.gif 672w\" sizes=\"auto, (max-width: 300px) 100vw, 300px\" \/><\/a><\/p>\n<p style=\"text-align: left;\">Fakt ist, dass Nikon wohl Patente zu diesem Thema angemeldet hat.\u00a0Auf mehreren Skizzen, die von\u00a0Nikon\u00a0ver\u00f6ffentlicht wurden, wird genau beschrieben, wie das patentierte Digitalr\u00fcckteil sich in das analoge Geh\u00e4use einf\u00fcgt. Der Platz, der fr\u00fcher von der Filmrolle eingenommen wurde, soll hier zum Beispiel von dem zus\u00e4tzlichen Akku und der ben\u00f6tigten Elektronik genutzt werden. Durch den einfachen Austausch der R\u00fcckwand soll ein problemloser und schneller Wechsel zwischen digital und analog m\u00f6glich sein. Gegenstand des Patentes ist wohl haupts\u00e4chlich eine Stellschraube zur Feinjustierung des Sensors.<\/p>\n<p style=\"text-align: left;\">Ganz so weit hergeholt ist die Idee ja nun nicht. Wenn man bedenkt, dass 1991 die erste kommerzielle DSLR, die <a href=\"https:\/\/en.wikipedia.org\/wiki\/Kodak_DCS_100\" onclick=\"__gaTracker('send', 'event', 'outbound-article', 'https:\/\/en.wikipedia.org\/wiki\/Kodak_DCS_100', 'Kodak DCS 100');\" target=\"_blank\">Kodak DCS 100<\/a>\u00a0mit 1,3 Megapixel, eine umger\u00fcstete Nikon F3 war, deren Elektronik damals allerdings noch Aktenkoffergr\u00f6sse erreichte. Einen anderen Weg gingen die Leute von Silikon Film Technologies, die zehn Jahre sp\u00e4ter\u00a0einen Sensor erfanden, der wie eine Filmpatrone in die Kamera eingelegt werden sollte. Leider wird es wohl niemals dieses &#8222;<a href=\"http:\/\/www.dpreview.com\/news\/2001\/2\/12\/siliconfilmefs1\" onclick=\"__gaTracker('send', 'event', 'outbound-article', 'http:\/\/www.dpreview.com\/news\/2001\/2\/12\/siliconfilmefs1', 'Electronic Film System');\" target=\"_blank\">Electronic Film System<\/a>&#8220; geben, denn das Projekt verschwand in der Versenkung, ohne das jemals ein fertiges Produkt pr\u00e4sentiert wurde. Weiter kam da schon Leica mit dem <a href=\"http:\/\/www.colorfoto.de\/testbericht\/leica-digital-modul-r-331674.html\" onclick=\"__gaTracker('send', 'event', 'outbound-article', 'http:\/\/www.colorfoto.de\/testbericht\/leica-digital-modul-r-331674.html', 'Digital-Modul R');\" target=\"_blank\">Digital-Modul R<\/a> f\u00fcr die Leica R8 und R9. Dieses konnte gegen die R\u00fcckwand der (Film-) Kamera ausgetauscht werden und machte sie zur DSLR. Die Produktion wurde aber 2007 nach nur zwei Jahren eingestellt, es war wohl doch zu teuer.<\/p>\n<p>Aber auch f\u00fcr die mechanischen Hasselblads gibt es ja <a href=\"http:\/\/www.hasselblad.com\/de\/digital-backs\/cfv-50c\" onclick=\"__gaTracker('send', 'event', 'outbound-article', 'http:\/\/www.hasselblad.com\/de\/digital-backs\/cfv-50c', 'Digitalr\u00fcckteile.');\" target=\"_blank\">Digitalr\u00fcckteile.<\/a> Wieso sollte es nicht m\u00f6glich sein, eine digitale R\u00fcckwand f\u00fcr die Nikon FM2 oder F3 zu entwickeln? Schliesslich gibt es ja bei diesen Modellen (wie auch bei der FE2, der FM3a und sp\u00e4teren Bodies) sogar Steuerkontakte zur Synchronisierung der Datenr\u00fcckw\u00e4nde. Diese k\u00f6nnten doch auch als elektrisches Bindeglied zwischen dem Kameraverschluss und dem Digitalr\u00fcckteil verwendet werden. In einer Vision wurden diese Ideen schon realisiert, sehen Sie mal <a href=\"http:\/\/www.dpreview.com\/articles\/7106461660\/dslrs-the-way-it-could-have-been\" onclick=\"__gaTracker('send', 'event', 'outbound-article', 'http:\/\/www.dpreview.com\/articles\/7106461660\/dslrs-the-way-it-could-have-been', 'hier');\" target=\"_blank\">hier<\/a>!<\/p>\n<p>Ob es das wirklich bald geben wird? Wer w\u00fcrde nicht gerne seine alte FM2 entstauben und zur Digicam umr\u00fcsten? Eins ist sicher: die Nikon-Klassiker d\u00fcrften dann \u00a0gefragter sein als je zuvor. Warten wir\u00b4s ab&#8230;<\/p>\n","protected":false},"excerpt":{"rendered":"<p>Seit einigen Wochen kursieren im Internet heftige Ger\u00fcchte, Nikon arbeite an einem Digitalr\u00fcckteil f\u00fcr die analogen Kameras wie F3 und FM2. Konstruktionszeichnungen tauchen auf. Was steckt dahinter? Fakt ist, dass Nikon wohl Patente zu diesem Thema angemeldet hat.\u00a0Auf mehreren Skizzen, die von\u00a0Nikon\u00a0ver\u00f6ffentlicht wurden, wird genau beschrieben, wie das patentierte Digitalr\u00fcckteil sich in das analoge Geh\u00e4use [&hellip;]<\/p>\n","protected":false},"author":1,"featured_media":0,"comment_status":"open","ping_status":"open","sticky":false,"template":"","format":"standard","meta":{"footnotes":""},"categories":[43,14],"tags":[21,22,32,4,19],"class_list":["post-484","post","type-post","status-publish","format-standard","hentry","category-dies-und-das","category-nikon-system","tag-analog","tag-digital","tag-information","tag-nikon","tag-system"],"_links":{"self":[{"href":"https:\/\/nikonclassics-michalke.de\/blog\/index.php?rest_route=\/wp\/v2\/posts\/484","targetHints":{"allow":["GET"]}}],"collection":[{"href":"https:\/\/nikonclassics-michalke.de\/blog\/index.php?rest_route=\/wp\/v2\/posts"}],"about":[{"href":"https:\/\/nikonclassics-michalke.de\/blog\/index.php?rest_route=\/wp\/v2\/types\/post"}],"author":[{"embeddable":true,"href":"https:\/\/nikonclassics-michalke.de\/blog\/index.php?rest_route=\/wp\/v2\/users\/1"}],"replies":[{"embeddable":true,"href":"https:\/\/nikonclassics-michalke.de\/blog\/index.php?rest_route=%2Fwp%2Fv2%2Fcomments&post=484"}],"version-history":[{"count":24,"href":"https:\/\/nikonclassics-michalke.de\/blog\/index.php?rest_route=\/wp\/v2\/posts\/484\/revisions"}],"predecessor-version":[{"id":2051,"href":"https:\/\/nikonclassics-michalke.de\/blog\/index.php?rest_route=\/wp\/v2\/posts\/484\/revisions\/2051"}],"wp:attachment":[{"href":"https:\/\/nikonclassics-michalke.de\/blog\/index.php?rest_route=%2Fwp%2Fv2%2Fmedia&parent=484"}],"wp:term":[{"taxonomy":"category","embeddable":true,"href":"https:\/\/nikonclassics-michalke.de\/blog\/index.php?rest_route=%2Fwp%2Fv2%2Fcategories&post=484"},{"taxonomy":"post_tag","embeddable":true,"href":"https:\/\/nikonclassics-michalke.de\/blog\/index.php?rest_route=%2Fwp%2Fv2%2Ftags&post=484"}],"curies":[{"name":"wp","href":"https:\/\/api.w.org\/{rel}","templated":true}]}}