{"id":3469,"date":"2020-04-06T16:25:15","date_gmt":"2020-04-06T15:25:15","guid":{"rendered":"http:\/\/nikonclassics-michalke.de\/blog\/?p=3469"},"modified":"2020-04-06T16:51:37","modified_gmt":"2020-04-06T15:51:37","slug":"knackscharf-das-micro-nikkor-55-28-ais","status":"publish","type":"post","link":"https:\/\/nikonclassics-michalke.de\/blog\/?p=3469","title":{"rendered":"Knackscharf: das Micro Nikkor 55\/2,8 AIS"},"content":{"rendered":"<div class=\"fcbkbttn_buttons_block\" id=\"fcbkbttn_left\"><div class=\"fcbkbttn_like \"><fb:like href=\"https:\/\/nikonclassics-michalke.de\/blog\/?p=3469\" action=\"like\" colorscheme=\"light\" layout=\"standard\" show-faces='false' width=\"450px\" size=\"small\"><\/fb:like><\/div><div class=\"fb-share-button  \" data-href=\"https:\/\/nikonclassics-michalke.de\/blog\/?p=3469\" data-type=\"button_count\" data-size=\"small\"><\/div><\/div><p>Vor kurzem habe ich ja schon <a href=\"https:\/\/nikonclassics-michalke.de\/blog\/?p=3355\">hier<\/a> \u00fcber das hervorragende Mikro-Nikkor 55\/2,8 AIS berichtet und die augezeichnete Bildqualit\u00e4t gelobt.<\/p>\n<p>Nun will ich meinen Bericht noch mit ein paar Fotos untermauern. Die Ergebnisse zeigen, da\u00df die Leistung dieses Objektives zu Recht \u00fcberall sehr gelobt wird. Und das bei einem Preis, der bei <a href=\"https:\/\/nikonclassics-michalke.de\/advanced_search_result.php?categories_id=0&amp;keywords=55%2F2%2C8&amp;inc_subcat=1\" target=\"_blank\" rel=\"noopener\">Nikonclassics<\/a> weniger als 10% eines Zeiss Otus entspricht. Schauen Sie sich die Beispielbilder in voller Aufl\u00f6sung an, Sie werden staunen.<\/p>\n<p>Der Blick aus meinem B\u00fcrofenster zeigt die erstaunliche F\u00e4higkeit dieses Universalobjektives, auch feinste Details aufzul\u00f6sen. Zwar ist es nicht auf h\u00f6chste Lichst\u00e4rke optimiert, daf\u00fcr \u00a0aber bereits mit Offenblende (2,8) gut einsetzbar.<\/p>\n<p>Die Bilder entstanden mit der Sony A7 (24MP):<a href=\"https:\/\/nikonclassics-michalke.de\/blog\/wp-content\/uploads\/2020\/03\/DSC09249.jpg\"><img loading=\"lazy\" decoding=\"async\" class=\"alignleft wp-image-3471 size-large\" src=\"https:\/\/nikonclassics-michalke.de\/blog\/wp-content\/uploads\/2020\/03\/DSC09249-800x533.jpg\" alt=\"\" width=\"625\" height=\"416\" srcset=\"https:\/\/nikonclassics-michalke.de\/blog\/wp-content\/uploads\/2020\/03\/DSC09249-800x533.jpg 800w, https:\/\/nikonclassics-michalke.de\/blog\/wp-content\/uploads\/2020\/03\/DSC09249-300x200.jpg 300w, https:\/\/nikonclassics-michalke.de\/blog\/wp-content\/uploads\/2020\/03\/DSC09249-768x512.jpg 768w, https:\/\/nikonclassics-michalke.de\/blog\/wp-content\/uploads\/2020\/03\/DSC09249-624x416.jpg 624w\" sizes=\"auto, (max-width: 625px) 100vw, 625px\" \/><\/a><\/p>\n<p>Klicken Sie auf das Bild und vergr\u00f6\u00dfern Sie es im Browser, oder laden Sie es herunter. Das erste Foto entstand mit Blende 5,6, das untere mit offener Blende 2,8. Selbst voll ge\u00f6ffnet zeichnet das Micro-Nikkor extrem scharf, nur ein leichter Lichtabfall in die Ecken verr\u00e4t die gro\u00dfe \u00d6ffnung. <a href=\"https:\/\/nikonclassics-michalke.de\/blog\/wp-content\/uploads\/2020\/03\/DSC09248.jpg\"><img loading=\"lazy\" decoding=\"async\" class=\"alignleft wp-image-3470 size-large\" src=\"https:\/\/nikonclassics-michalke.de\/blog\/wp-content\/uploads\/2020\/03\/DSC09248-800x533.jpg\" alt=\"\" width=\"625\" height=\"416\" srcset=\"https:\/\/nikonclassics-michalke.de\/blog\/wp-content\/uploads\/2020\/03\/DSC09248-800x533.jpg 800w, https:\/\/nikonclassics-michalke.de\/blog\/wp-content\/uploads\/2020\/03\/DSC09248-300x200.jpg 300w, https:\/\/nikonclassics-michalke.de\/blog\/wp-content\/uploads\/2020\/03\/DSC09248-768x512.jpg 768w, https:\/\/nikonclassics-michalke.de\/blog\/wp-content\/uploads\/2020\/03\/DSC09248-624x416.jpg 624w\" sizes=\"auto, (max-width: 625px) 100vw, 625px\" \/><\/a><\/p>\n<p>Sch\u00e4rfenfanatiker kommen also voll auf ihre Kosten, und das mit einem Objektiv das weit weniger als ein Zehntel der f\u00fcr ihre tolle Sch\u00e4rfe gepriesenen aktuellen Hitech-Boliden kostet. Beim Micro-Nikkor wird diese Leistung sogar bis in den Makrobereich durchgehalten. Es wurde halt kompromisslos auf Abbildungsleistung und nicht auf Lichtst\u00e4rke optimiert.<\/p>\n<p>Andere Tests zeigen, das das Micro Nikkor 55\/2,8 AIS keinerlei sichtbare Verzeichnung aufweist, \u00fcber den gesamten Entfernungsbereich bis hin zum Makrobereich. Das macht es auch zum Objektiv der Wahl bei Reproduktionen. Und wer Vollmetallqualit\u00e4t mit wertiger Haptik sch\u00e4tzt, kommt hier voll auf seine Kosten.<\/p>\n<p>Bei <a href=\"https:\/\/nikonclassics-michalke.de\/advanced_search_result.php?categories_id=0&amp;keywords=55%2F2%2C8&amp;inc_subcat=1\" target=\"_blank\" rel=\"noopener\">Nikonclassics<\/a> sind meist ein paar sch\u00f6ne Exemplare im Angebot.<\/p>\n","protected":false},"excerpt":{"rendered":"<p>Vor kurzem habe ich ja schon hier \u00fcber das hervorragende Mikro-Nikkor 55\/2,8 AIS berichtet und die augezeichnete Bildqualit\u00e4t gelobt. Nun will ich meinen Bericht noch mit ein paar Fotos untermauern. Die Ergebnisse zeigen, da\u00df die Leistung dieses Objektives zu Recht \u00fcberall sehr gelobt wird. Und das bei einem Preis, der bei Nikonclassics weniger als 10% [&hellip;]<\/p>\n","protected":false},"author":1,"featured_media":0,"comment_status":"open","ping_status":"open","sticky":false,"template":"","format":"standard","meta":{"footnotes":""},"categories":[49],"tags":[],"class_list":["post-3469","post","type-post","status-publish","format-standard","hentry","category-nikon-geschichte"],"_links":{"self":[{"href":"https:\/\/nikonclassics-michalke.de\/blog\/index.php?rest_route=\/wp\/v2\/posts\/3469","targetHints":{"allow":["GET"]}}],"collection":[{"href":"https:\/\/nikonclassics-michalke.de\/blog\/index.php?rest_route=\/wp\/v2\/posts"}],"about":[{"href":"https:\/\/nikonclassics-michalke.de\/blog\/index.php?rest_route=\/wp\/v2\/types\/post"}],"author":[{"embeddable":true,"href":"https:\/\/nikonclassics-michalke.de\/blog\/index.php?rest_route=\/wp\/v2\/users\/1"}],"replies":[{"embeddable":true,"href":"https:\/\/nikonclassics-michalke.de\/blog\/index.php?rest_route=%2Fwp%2Fv2%2Fcomments&post=3469"}],"version-history":[{"count":7,"href":"https:\/\/nikonclassics-michalke.de\/blog\/index.php?rest_route=\/wp\/v2\/posts\/3469\/revisions"}],"predecessor-version":[{"id":3480,"href":"https:\/\/nikonclassics-michalke.de\/blog\/index.php?rest_route=\/wp\/v2\/posts\/3469\/revisions\/3480"}],"wp:attachment":[{"href":"https:\/\/nikonclassics-michalke.de\/blog\/index.php?rest_route=%2Fwp%2Fv2%2Fmedia&parent=3469"}],"wp:term":[{"taxonomy":"category","embeddable":true,"href":"https:\/\/nikonclassics-michalke.de\/blog\/index.php?rest_route=%2Fwp%2Fv2%2Fcategories&post=3469"},{"taxonomy":"post_tag","embeddable":true,"href":"https:\/\/nikonclassics-michalke.de\/blog\/index.php?rest_route=%2Fwp%2Fv2%2Ftags&post=3469"}],"curies":[{"name":"wp","href":"https:\/\/api.w.org\/{rel}","templated":true}]}}