{"id":2398,"date":"2015-12-01T22:29:00","date_gmt":"2015-12-01T21:29:00","guid":{"rendered":"http:\/\/nikonclassics-michalke.de\/blog\/?p=2398"},"modified":"2016-09-10T07:28:04","modified_gmt":"2016-09-10T06:28:04","slug":"ai-oder-nonai-das-ist-hier-die-frage","status":"publish","type":"post","link":"https:\/\/nikonclassics-michalke.de\/blog\/?p=2398","title":{"rendered":"AI oder nonAI &#8211; das ist hier die Frage!"},"content":{"rendered":"<div class=\"fcbkbttn_buttons_block\" id=\"fcbkbttn_left\"><div class=\"fcbkbttn_like \"><fb:like href=\"https:\/\/nikonclassics-michalke.de\/blog\/?p=2398\" action=\"like\" colorscheme=\"light\" layout=\"standard\" show-faces='false' width=\"450px\" size=\"small\"><\/fb:like><\/div><div class=\"fb-share-button  \" data-href=\"https:\/\/nikonclassics-michalke.de\/blog\/?p=2398\" data-type=\"button_count\" data-size=\"small\"><\/div><\/div><p>Immer wieder gibt es Unklarheiten, was es mit den Bezeichnungen &#8222;AI&#8220; und &#8222;nonAI&#8220; auf sich hat. Was ist der Unterschied und was passt wo? Darum geht es im Folgenden.<\/p>\n<div id=\"attachment_256\" style=\"width: 310px\" class=\"wp-caption alignleft\"><a href=\"https:\/\/nikonclassics-michalke.de\/blog\/wp-content\/uploads\/2012\/11\/nikonclassics_3449.jpg\"><img loading=\"lazy\" decoding=\"async\" aria-describedby=\"caption-attachment-256\" class=\"size-medium wp-image-256\" src=\"https:\/\/nikonclassics-michalke.de\/blog\/wp-content\/uploads\/2012\/11\/nikonclassics_3449-300x214.jpg\" alt=\"non-Ai-Objektiv\" width=\"300\" height=\"214\" srcset=\"https:\/\/nikonclassics-michalke.de\/blog\/wp-content\/uploads\/2012\/11\/nikonclassics_3449-300x214.jpg 300w, https:\/\/nikonclassics-michalke.de\/blog\/wp-content\/uploads\/2012\/11\/nikonclassics_3449.jpg 800w\" sizes=\"auto, (max-width: 300px) 100vw, 300px\" \/><\/a><p id=\"caption-attachment-256\" class=\"wp-caption-text\">nonAi-Objektiv mit &#8222;Hasenohr&#8220;<\/p><\/div>\n<p>&#8222;AI&#8220; ist die Abk\u00fcrzung f\u00fcr &#8222;Automatic Indexing&#8220;, und beschreibt das 1977 eingef\u00fchrte System der Blenden\u00fcbertragung zwischen Objektiv und Kamerageh\u00e4use. Der im Kamerageh\u00e4use eingebaute Belichtungsmesser kennt ja die am Objektivring eingestellte Blenden\u00f6ffnung nicht. Deshalb \u00a0muss sie ihm auf mechanischem Weg \u00fcbermittelt\u00a0werden, damit er die dazu passende Belichtungszeit anzeigt oder auch selbstt\u00e4tig einstellt.\u00a0Vor\u00a01977\u00a0gab es an den Objektiven dazu nur die Blendenkupplung \u00fcber eine Mitnehmergabel, die sogenannten &#8222;<a href=\"https:\/\/nikonclassics-michalke.de\/blog\/?p=1226\">Hasenohren<\/a>&#8222;. Am Blendenring des Objektives war ein kleiner geschlitzter Blechwinkel angebracht, der in einen beweglichen Kupplungsstift am Kamerageh\u00e4use gef\u00fchrt wurde. Der Objektivwechsel gestaltete sich dadurch etwas fummelig.<!--more--><\/p>\n<div id=\"attachment_255\" style=\"width: 310px\" class=\"wp-caption alignright\"><a href=\"https:\/\/nikonclassics-michalke.de\/blog\/wp-content\/uploads\/2012\/11\/nikonclassics_3445.jpg\"><img loading=\"lazy\" decoding=\"async\" aria-describedby=\"caption-attachment-255\" class=\"size-medium wp-image-255\" src=\"https:\/\/nikonclassics-michalke.de\/blog\/wp-content\/uploads\/2012\/11\/nikonclassics_3445-300x215.jpg\" alt=\"Ai-Kupplung am Objektiv\" width=\"300\" height=\"215\" srcset=\"https:\/\/nikonclassics-michalke.de\/blog\/wp-content\/uploads\/2012\/11\/nikonclassics_3445-300x215.jpg 300w, https:\/\/nikonclassics-michalke.de\/blog\/wp-content\/uploads\/2012\/11\/nikonclassics_3445.jpg 800w\" sizes=\"auto, (max-width: 300px) 100vw, 300px\" \/><\/a><p id=\"caption-attachment-255\" class=\"wp-caption-text\">Ai-Kupplung am Objektiv<\/p><\/div>\n<p>So ersannen die Nikon-Ingenieure die AI-Kupplung, mit der der Objektivwechsel wesentlich fl\u00fcssiger vonstatten ging. Im Blendenring war nun nur noch eine Stufe, die in einen radial gef\u00fchrten Mitnehmer am Bajonett der Kamera einhakte. Allen Nikon-Geh\u00e4usen ab Baujahr 1977 wurde diese AI-Kupplung verpasst. Ebenso wurden die Objektive auf AI umgestellt, allerdings wurde an allen manuellen\u00a0Objektiven (ausser der <a href=\"https:\/\/nikonclassics-michalke.de\/blog\/?p=2217\">Serie E<\/a>) weiterhin die Hasenohren montiert, damit sie noch an die alten Kameramodellen passten. Allerdings wurde bei den AI-Objektiven die Mitnehmergabel mit <strong>zwei weiteren L\u00f6chern<\/strong> versehen, damit die <strong>zweite <\/strong>kleine Blendenskala, die in den Sucher einiger Kameras eingespiegelt wurde, besser ablesbar war. Womit auch gleich die auff\u00e4lligsten Unterscheidungsmerkmale erw\u00e4hnt sind, denn nonAI-Linsen haben nur\u00a0<strong>eine<\/strong>\u00a0Blendenskala und <strong>einen<\/strong>\u00a0Schlitz in der Mitnehmergabel.<\/p>\n<p>Viele Jahre lang bot Nikon \u00fcbrigens noch an, die alten Objektive mit einem neuen Blendenring zu versehen und damit AI-kompatibel zu machen. Diesen Service gibt es zwar nicht mehr, aber viele alte konvertierte Objektive sind noch im Umlauf. Heute gibt es nur noch die M\u00f6glichkeit, den Blendenring bei nonAI-Objektive partiell abzufr\u00e4sen, um so eine AI-Kupplung zu erzeugen. Das sollte man wenn \u00fcberhaupt aber Fachleuten \u00fcberlassen.<\/p>\n<div id=\"attachment_250\" style=\"width: 310px\" class=\"wp-caption alignleft\"><a href=\"https:\/\/nikonclassics-michalke.de\/blog\/wp-content\/uploads\/2012\/11\/nikonclassics_3438.jpg\"><img loading=\"lazy\" decoding=\"async\" aria-describedby=\"caption-attachment-250\" class=\"wp-image-250 size-medium\" src=\"https:\/\/nikonclassics-michalke.de\/blog\/wp-content\/uploads\/2012\/11\/nikonclassics_3438-300x246.jpg\" alt=\"Die Ai-Kupplung am Kamerageh\u00e4use\" width=\"300\" height=\"246\" srcset=\"https:\/\/nikonclassics-michalke.de\/blog\/wp-content\/uploads\/2012\/11\/nikonclassics_3438-300x246.jpg 300w, https:\/\/nikonclassics-michalke.de\/blog\/wp-content\/uploads\/2012\/11\/nikonclassics_3438.jpg 800w\" sizes=\"auto, (max-width: 300px) 100vw, 300px\" \/><\/a><p id=\"caption-attachment-250\" class=\"wp-caption-text\">Die Ai-Kupplung am Kamerageh\u00e4use<\/p><\/div>\n<p>Was passt nun wo? NonAI-Objektive k\u00f6nnen\u00a0nur an den Nikkormat-Kameras (ausser FT3) sowie an der F-Reihe und an der F2, F2S und F2SB in vollem Umfang verwendet werden (<a href=\"https:\/\/nikonclassics-michalke.de\/blog\/?p=1588\" target=\"_blank\">hier<\/a> mehr dazu). Mit Gebrauchsblendenmessung ist aber auch ein Einsatz an der F2A, F2AS, F3, F4 sowie FE und FM m\u00f6glich, denn diese Kameras verf\u00fcgen \u00fcber eine einklappbare AI-Kupplung. Diese st\u00f6sst n\u00e4mlich sonst an den breiteren Blendenring des nonAI-Objektives.<\/p>\n<p>An Digitalen Nikons k\u00f6nnen nonAI-Objektive aber auch verwendet werden, allerdings nur an den <a href=\"https:\/\/nikonclassics-michalke.de\/blog\/?p=1534\" target=\"_blank\">einfachen DX-Kameras<\/a>, und auch nur ohne interne Belichtungsmessung. Die grosse Ausnahme ist aber die Nikon Df:\u00a0an ihr k\u00f6nnen auch nonAI-Objektive mit allen Belichtungsmesserfunktionen und Zeitautomatik verwendet werden. Die am Objektiv eingestellte Blende muss dazu auch am\u00a0Drehrad des Kamerageh\u00e4uses eingestellt werden. Bei\u00a0AI-Objektiven wird die Blende einfach nur am Objektiv eingestellt.<\/p>\n<p>Die besser ausgestatteten Digitalen Nikons\u00a0brauchen AI- oder die etwas neueren <a href=\"https:\/\/nikonclassics-michalke.de\/blog\/?p=433\" target=\"_blank\">AIS-Objektive.<\/a>\u00a0Damit\u00a0ist\u00a0<span class=\"Apple-style-span\">sowohl Zeitautomatik als auch manuelle Innenmessung und meist sogar Matrixmessung m\u00f6glich. Auch die TTL-Blitzmessung funktioniert. <a href=\"https:\/\/nikonclassics-michalke.de\/blog\/?p=1494\" target=\"_blank\">Hier<\/a> lesen Sie mehr dazu.<\/span><\/p>\n<p>Die\u00a0analogen Nikons nach 1977 wie FM2, FE2, FA, FG, und EM\u00a0sind f\u00fcr\u00a0AI- oder AIS-Nikkore ausgelegt. Auch die Objektive der <a href=\"https:\/\/nikonclassics-michalke.de\/blog\/?p=2217\" target=\"_blank\">Serie E<\/a> k\u00f6nnen Sie verwenden.<\/p>\n<p>Kaufen k\u00f6nnen Sie diese beide Serien, nonAI und AI, bei <a href=\"http:\/\/nikonclassics-michalke.de\">Nikonclassics<\/a>.<\/p>\n","protected":false},"excerpt":{"rendered":"<p>Immer wieder gibt es Unklarheiten, was es mit den Bezeichnungen &#8222;AI&#8220; und &#8222;nonAI&#8220; auf sich hat. Was ist der Unterschied und was passt wo? Darum geht es im Folgenden. &#8222;AI&#8220; ist die Abk\u00fcrzung f\u00fcr &#8222;Automatic Indexing&#8220;, und beschreibt das 1977 eingef\u00fchrte System der Blenden\u00fcbertragung zwischen Objektiv und Kamerageh\u00e4use. Der im Kamerageh\u00e4use eingebaute Belichtungsmesser kennt ja [&hellip;]<\/p>\n","protected":false},"author":1,"featured_media":0,"comment_status":"open","ping_status":"open","sticky":false,"template":"","format":"standard","meta":{"footnotes":""},"categories":[49,14,63],"tags":[],"class_list":["post-2398","post","type-post","status-publish","format-standard","hentry","category-nikon-geschichte","category-nikon-system","category-was-passt-wo"],"_links":{"self":[{"href":"https:\/\/nikonclassics-michalke.de\/blog\/index.php?rest_route=\/wp\/v2\/posts\/2398","targetHints":{"allow":["GET"]}}],"collection":[{"href":"https:\/\/nikonclassics-michalke.de\/blog\/index.php?rest_route=\/wp\/v2\/posts"}],"about":[{"href":"https:\/\/nikonclassics-michalke.de\/blog\/index.php?rest_route=\/wp\/v2\/types\/post"}],"author":[{"embeddable":true,"href":"https:\/\/nikonclassics-michalke.de\/blog\/index.php?rest_route=\/wp\/v2\/users\/1"}],"replies":[{"embeddable":true,"href":"https:\/\/nikonclassics-michalke.de\/blog\/index.php?rest_route=%2Fwp%2Fv2%2Fcomments&post=2398"}],"version-history":[{"count":9,"href":"https:\/\/nikonclassics-michalke.de\/blog\/index.php?rest_route=\/wp\/v2\/posts\/2398\/revisions"}],"predecessor-version":[{"id":2691,"href":"https:\/\/nikonclassics-michalke.de\/blog\/index.php?rest_route=\/wp\/v2\/posts\/2398\/revisions\/2691"}],"wp:attachment":[{"href":"https:\/\/nikonclassics-michalke.de\/blog\/index.php?rest_route=%2Fwp%2Fv2%2Fmedia&parent=2398"}],"wp:term":[{"taxonomy":"category","embeddable":true,"href":"https:\/\/nikonclassics-michalke.de\/blog\/index.php?rest_route=%2Fwp%2Fv2%2Fcategories&post=2398"},{"taxonomy":"post_tag","embeddable":true,"href":"https:\/\/nikonclassics-michalke.de\/blog\/index.php?rest_route=%2Fwp%2Fv2%2Ftags&post=2398"}],"curies":[{"name":"wp","href":"https:\/\/api.w.org\/{rel}","templated":true}]}}