{"id":1534,"date":"2014-10-06T18:09:15","date_gmt":"2014-10-06T17:09:15","guid":{"rendered":"http:\/\/nikonclassics-michalke.de\/blog\/?p=1534"},"modified":"2016-09-10T07:38:00","modified_gmt":"2016-09-10T06:38:00","slug":"uebersicht-digitalkameras-fuer-nonai-objektive","status":"publish","type":"post","link":"https:\/\/nikonclassics-michalke.de\/blog\/?p=1534","title":{"rendered":"\u00dcbersicht: Digitalkameras f\u00fcr nonAI-Objektive"},"content":{"rendered":"<div class=\"fcbkbttn_buttons_block\" id=\"fcbkbttn_left\"><div class=\"fcbkbttn_like \"><fb:like href=\"https:\/\/nikonclassics-michalke.de\/blog\/?p=1534\" action=\"like\" colorscheme=\"light\" layout=\"standard\" show-faces='false' width=\"450px\" size=\"small\"><\/fb:like><\/div><div class=\"fb-share-button  \" data-href=\"https:\/\/nikonclassics-michalke.de\/blog\/?p=1534\" data-type=\"button_count\" data-size=\"small\"><\/div><\/div><p>&nbsp;<\/p>\n<div id=\"attachment_256\" style=\"width: 310px\" class=\"wp-caption alignleft\"><a href=\"https:\/\/nikonclassics-michalke.de\/blog\/wp-content\/uploads\/2012\/11\/nikonclassics_3449.jpg\"><img loading=\"lazy\" decoding=\"async\" aria-describedby=\"caption-attachment-256\" class=\"size-medium wp-image-256\" src=\"https:\/\/nikonclassics-michalke.de\/blog\/wp-content\/uploads\/2012\/11\/nikonclassics_3449-300x214.jpg\" alt=\"non-Ai-Objektiv\" width=\"300\" height=\"214\" srcset=\"https:\/\/nikonclassics-michalke.de\/blog\/wp-content\/uploads\/2012\/11\/nikonclassics_3449-300x214.jpg 300w, https:\/\/nikonclassics-michalke.de\/blog\/wp-content\/uploads\/2012\/11\/nikonclassics_3449.jpg 800w\" sizes=\"auto, (max-width: 300px) 100vw, 300px\" \/><\/a><p id=\"caption-attachment-256\" class=\"wp-caption-text\">non-Ai-Objektiv<\/p><\/div>\n<p><span style=\"color: #333333;\">An\u00a0den unten aufgef\u00fchrten\u00a0Digitalkameras k\u00f6nnen <strong>ALLE<\/strong> manuellen Nikkore (also AI\/AIS und non-AI-Typen)\u00a0<\/span><span style=\"color: #333333;\">verwendet werden.\u00a0Da aber an der Kamera keine Kupplung zur mechanischen \u00dcbermittlung der am Objektiv eingestellten Blende vorhanden ist, kann\u00a0(ausser an der Df) leider \u00a0<strong><span style=\"text-decoration: underline;\">keine interne Belichtungsmessung<\/span><\/strong> (oder gar Belichtungsautomatik) erfolgen. Die Belichtung muss also gesch\u00e4tzt, ausprobiert oder mit einem separaten Belichtungsmesser ermittelt werden. Es k\u00f6nnen Objektive ohne AI-Kupplung (&#8222;nonAI&#8220;) oder mit AI-Kupplung (&#8222;AI- oder &#8222;AIS&#8220;-Objektive) verwendet werden. \u00a0Weitere Details dazu <a href=\"https:\/\/nikonclassics-michalke.de\/blog\/?p=243\">hier<\/a>.<\/span><!--more--><\/p>\n<div id=\"attachment_1558\" style=\"width: 170px\" class=\"wp-caption alignleft\"><a href=\"https:\/\/nikonclassics-michalke.de\/blog\/wp-content\/uploads\/2014\/10\/D5300.jpg\"><img loading=\"lazy\" decoding=\"async\" aria-describedby=\"caption-attachment-1558\" class=\"wp-image-1558\" src=\"https:\/\/nikonclassics-michalke.de\/blog\/wp-content\/uploads\/2014\/10\/D5300-300x300.jpg\" alt=\"D5000-Serie\" width=\"160\" height=\"160\" srcset=\"https:\/\/nikonclassics-michalke.de\/blog\/wp-content\/uploads\/2014\/10\/D5300-300x300.jpg 300w, https:\/\/nikonclassics-michalke.de\/blog\/wp-content\/uploads\/2014\/10\/D5300-150x150.jpg 150w, https:\/\/nikonclassics-michalke.de\/blog\/wp-content\/uploads\/2014\/10\/D5300.jpg 600w\" sizes=\"auto, (max-width: 160px) 100vw, 160px\" \/><\/a><p id=\"caption-attachment-1558\" class=\"wp-caption-text\">D5000-Serie<\/p><\/div>\n<div id=\"attachment_1559\" style=\"width: 170px\" class=\"wp-caption alignleft\"><a href=\"https:\/\/nikonclassics-michalke.de\/blog\/wp-content\/uploads\/2014\/10\/D3100.jpg\"><img loading=\"lazy\" decoding=\"async\" aria-describedby=\"caption-attachment-1559\" class=\"wp-image-1559\" src=\"https:\/\/nikonclassics-michalke.de\/blog\/wp-content\/uploads\/2014\/10\/D3100-300x300.jpg\" alt=\"D3000-Serie\" width=\"160\" height=\"160\" srcset=\"https:\/\/nikonclassics-michalke.de\/blog\/wp-content\/uploads\/2014\/10\/D3100-300x300.jpg 300w, https:\/\/nikonclassics-michalke.de\/blog\/wp-content\/uploads\/2014\/10\/D3100-150x150.jpg 150w, https:\/\/nikonclassics-michalke.de\/blog\/wp-content\/uploads\/2014\/10\/D3100.jpg 600w\" sizes=\"auto, (max-width: 160px) 100vw, 160px\" \/><\/a><p id=\"caption-attachment-1559\" class=\"wp-caption-text\">D3000-Serie<\/p><\/div>\n<div id=\"attachment_1564\" style=\"width: 170px\" class=\"wp-caption alignleft\"><a href=\"https:\/\/nikonclassics-michalke.de\/blog\/wp-content\/uploads\/2014\/10\/D60.jpg\"><img loading=\"lazy\" decoding=\"async\" aria-describedby=\"caption-attachment-1564\" class=\"wp-image-1564\" src=\"https:\/\/nikonclassics-michalke.de\/blog\/wp-content\/uploads\/2014\/10\/D60-300x300.jpg\" alt=\"D60\" width=\"160\" height=\"160\" srcset=\"https:\/\/nikonclassics-michalke.de\/blog\/wp-content\/uploads\/2014\/10\/D60-300x300.jpg 300w, https:\/\/nikonclassics-michalke.de\/blog\/wp-content\/uploads\/2014\/10\/D60-150x150.jpg 150w, https:\/\/nikonclassics-michalke.de\/blog\/wp-content\/uploads\/2014\/10\/D60-1024x1024.jpg 1024w, https:\/\/nikonclassics-michalke.de\/blog\/wp-content\/uploads\/2014\/10\/D60.jpg 1100w\" sizes=\"auto, (max-width: 160px) 100vw, 160px\" \/><\/a><p id=\"caption-attachment-1564\" class=\"wp-caption-text\">D60<\/p><\/div>\n<div id=\"attachment_1574\" style=\"width: 170px\" class=\"wp-caption alignleft\"><a href=\"https:\/\/nikonclassics-michalke.de\/blog\/wp-content\/uploads\/2014\/10\/d40-e1412337712732.jpg\"><img loading=\"lazy\" decoding=\"async\" aria-describedby=\"caption-attachment-1574\" class=\"wp-image-1574\" src=\"https:\/\/nikonclassics-michalke.de\/blog\/wp-content\/uploads\/2014\/10\/d40-300x300.jpg\" alt=\"D40\" width=\"160\" height=\"160\" \/><\/a><p id=\"caption-attachment-1574\" class=\"wp-caption-text\">D40, D40x<\/p><\/div>\n<p>&nbsp;<\/p>\n<p>&nbsp;<\/p>\n<p>&nbsp;<\/p>\n<p>&nbsp;<\/p>\n<p>&nbsp;<\/p>\n<p>&nbsp;<\/p>\n<p>&nbsp;<\/p>\n<p>&nbsp;<\/p>\n<p>&nbsp;<\/p>\n<p>&nbsp;<\/p>\n<p>&nbsp;<\/p>\n<div id=\"attachment_1556\" style=\"width: 170px\" class=\"wp-caption alignleft\"><a href=\"https:\/\/nikonclassics-michalke.de\/blog\/wp-content\/uploads\/2014\/10\/Df.jpg\"><img loading=\"lazy\" decoding=\"async\" aria-describedby=\"caption-attachment-1556\" class=\"wp-image-1556\" src=\"https:\/\/nikonclassics-michalke.de\/blog\/wp-content\/uploads\/2014\/10\/Df-150x150.jpg\" alt=\"Df\" width=\"160\" height=\"160\" srcset=\"https:\/\/nikonclassics-michalke.de\/blog\/wp-content\/uploads\/2014\/10\/Df-150x150.jpg 150w, https:\/\/nikonclassics-michalke.de\/blog\/wp-content\/uploads\/2014\/10\/Df-300x300.jpg 300w, https:\/\/nikonclassics-michalke.de\/blog\/wp-content\/uploads\/2014\/10\/Df.jpg 600w\" sizes=\"auto, (max-width: 160px) 100vw, 160px\" \/><\/a><p id=\"caption-attachment-1556\" class=\"wp-caption-text\">Df<\/p><\/div>\n<p>Die Nikon Df macht allerdings eine Ausnahme: an ihr k\u00f6nnen nonAI-Objektive mit allen Belichtungsmesserfunktionen und Zeitautomatik verwendet werden. Die am Objektiv eingestellte Blende muss dazu auch am\u00a0Drehrad des Kamerageh\u00e4uses eingestellt werden. Bei\u00a0AI-Objektiven wird die Blende einfach nur am Objektiv eingestellt.<\/p>\n<p>&nbsp;<\/p>\n<p>&nbsp;<\/p>\n<p><a href=\"https:\/\/nikonclassics-michalke.de\/blog\/?p=1494\">Hier<\/a>\u00a0finden Sie eine \u00dcbersicht, an welchen Digitalkameras Sie\u00a0<strong>AI-Objektive<\/strong> mit allen Belichtungsfunktionen verwenden k\u00f6nnen. Eine \u00dcbersicht \u00fcber <strong>Analog<\/strong>kameras, die mit <strong>nonAI<\/strong>-Objektiven kompatibel sind, finden Sie <a title=\"\u00dcbersicht: Analogkameras f\u00fcr \u201cnonAI\u201d-Objektive\" href=\"https:\/\/nikonclassics-michalke.de\/blog\/?p=1588\">hier<\/a>.<\/p>\n","protected":false},"excerpt":{"rendered":"<p>&nbsp; An\u00a0den unten aufgef\u00fchrten\u00a0Digitalkameras k\u00f6nnen ALLE manuellen Nikkore (also AI\/AIS und non-AI-Typen)\u00a0verwendet werden.\u00a0Da aber an der Kamera keine Kupplung zur mechanischen \u00dcbermittlung der am Objektiv eingestellten Blende vorhanden ist, kann\u00a0(ausser an der Df) leider \u00a0keine interne Belichtungsmessung (oder gar Belichtungsautomatik) erfolgen. Die Belichtung muss also gesch\u00e4tzt, ausprobiert oder mit einem separaten Belichtungsmesser ermittelt werden. Es [&hellip;]<\/p>\n","protected":false},"author":1,"featured_media":0,"comment_status":"open","ping_status":"open","sticky":false,"template":"","format":"standard","meta":{"footnotes":""},"categories":[14,63],"tags":[22,32,20,23,4,16,19,8],"class_list":["post-1534","post","type-post","status-publish","format-standard","hentry","category-nikon-system","category-was-passt-wo","tag-digital","tag-information","tag-kompatibel","tag-manuell","tag-nikon","tag-objektiv","tag-system","tag-vergleich"],"_links":{"self":[{"href":"https:\/\/nikonclassics-michalke.de\/blog\/index.php?rest_route=\/wp\/v2\/posts\/1534","targetHints":{"allow":["GET"]}}],"collection":[{"href":"https:\/\/nikonclassics-michalke.de\/blog\/index.php?rest_route=\/wp\/v2\/posts"}],"about":[{"href":"https:\/\/nikonclassics-michalke.de\/blog\/index.php?rest_route=\/wp\/v2\/types\/post"}],"author":[{"embeddable":true,"href":"https:\/\/nikonclassics-michalke.de\/blog\/index.php?rest_route=\/wp\/v2\/users\/1"}],"replies":[{"embeddable":true,"href":"https:\/\/nikonclassics-michalke.de\/blog\/index.php?rest_route=%2Fwp%2Fv2%2Fcomments&post=1534"}],"version-history":[{"count":30,"href":"https:\/\/nikonclassics-michalke.de\/blog\/index.php?rest_route=\/wp\/v2\/posts\/1534\/revisions"}],"predecessor-version":[{"id":2709,"href":"https:\/\/nikonclassics-michalke.de\/blog\/index.php?rest_route=\/wp\/v2\/posts\/1534\/revisions\/2709"}],"wp:attachment":[{"href":"https:\/\/nikonclassics-michalke.de\/blog\/index.php?rest_route=%2Fwp%2Fv2%2Fmedia&parent=1534"}],"wp:term":[{"taxonomy":"category","embeddable":true,"href":"https:\/\/nikonclassics-michalke.de\/blog\/index.php?rest_route=%2Fwp%2Fv2%2Fcategories&post=1534"},{"taxonomy":"post_tag","embeddable":true,"href":"https:\/\/nikonclassics-michalke.de\/blog\/index.php?rest_route=%2Fwp%2Fv2%2Ftags&post=1534"}],"curies":[{"name":"wp","href":"https:\/\/api.w.org\/{rel}","templated":true}]}}